{"id":8684,"date":"2026-03-04T11:28:24","date_gmt":"2026-03-04T09:28:24","guid":{"rendered":"https:\/\/musikschule-goerlitz.de\/?p=8684"},"modified":"2026-03-04T19:47:43","modified_gmt":"2026-03-04T17:47:43","slug":"in-time-ein-musik-und-tanztheaterprojekt-fuer-kinder-und-jugendliche-von-9-18-jahren","status":"publish","type":"post","link":"https:\/\/musikschule-goerlitz.de\/pl\/in-time-ein-musik-und-tanztheaterprojekt-fuer-kinder-und-jugendliche-von-9-18-jahren\/","title":{"rendered":"&#8222;IN TIME&#8220; &#8211; Ein Musik- und Tanztheaterprojekt f\u00fcr Kinder und Jugendliche von 9 &#8211; 18 Jahren"},"content":{"rendered":"<div class=\"et_d4_element et_pb_section et_pb_section_0  et_pb_css_mix_blend_mode et_section_regular et_block_section\" >\n\t\t\t\t\n\t\t\t\t\n\t\t\t\t\n\t\t\t\t\n\t\t\t\t\n\t\t\t\t\n\t\t\t\t<div class=\"et_d4_element et_pb_row et_pb_row_0  et_pb_css_mix_blend_mode et_block_row\">\n\t\t\t\t<div class=\"et_d4_element et_pb_column_4_4 et_pb_column et_pb_column_0  et_pb_css_mix_blend_mode et-last-child et_block_column\">\n\t\t\t\t\n\t\t\t\t\n\t\t\t\t\n\t\t\t\t\n\t\t\t\t<div class=\"et_pb_module et_d4_element et_pb_text et_pb_text_0  et_pb_text_align_left et_pb_bg_layout_light\">\n\t\t\t\t\n\t\t\t\t\n\t\t\t\t\n\t\t\t\t\n\t\t\t\t<div class=\"et_pb_text_inner\"><p>Sehr geehrte Eltern,<br \/>in den Osterferien und in der darauf folgenden Woche besteht die M\u00f6glichkeit f\u00fcr Ihr\/e Kind\/er an einem Musik- und Tanztheaterprojekt teilzunehmen.<br \/>Das Tanztheaterst\u00fcck \u201eIN TIME\u201c l\u00e4dt die teilnehmenden Kinder und Jugendlichen ein, In Time zu sein, sich selbst und andere kennenzulernen, ihre Gef\u00fchle und Bed\u00fcrfnisse auszudr\u00fccken und den Moment zu genie\u00dfen ohne die Vergangenheit zu vergessen und die Zukunft positiv zu gestalten. Nicht IN TIME sein kann auch Stress ausl\u00f6sen, wenn ich zu sp\u00e4t bin oder das Gef\u00fchl habe, zu sp\u00e4t zu kommen. Musik und Tanz eigenen sich hervorragend IN TIME zu sein, um den Moment zu genie\u00dfen und sich gemeinsam mit anderen auszudr\u00fccken, um etwas Einzigartiges, dass es nur in diesem Moment gibt zu erscha\ufb00en. Am Ende gibt es eine \u00f6ffentliche Auff\u00fchrung. Das Projekt beinhaltet eine Zusammenarbeit mit den Fidelini, dem musikalischen Nachwuchs der Musikschule Johann-Adam-Hiller unter der Leitung von Karolina Najechalska.<\/p><\/div>\n\t\t\t<\/div>\n\t\t\t<\/div>\n\t\t\t\t\n\t\t\t\t\n\t\t\t\t\n\t\t\t\t\n\t\t\t<\/div><div class=\"et_d4_element et_pb_row et_pb_row_1  et_pb_css_mix_blend_mode et_block_row\">\n\t\t\t\t<div class=\"et_d4_element et_pb_column_4_4 et_pb_column et_pb_column_1  et_pb_css_mix_blend_mode et-last-child et_block_column\">\n\t\t\t\t\n\t\t\t\t\n\t\t\t\t\n\t\t\t\t\n\t\t\t\t<div class=\"et_pb_with_border et_pb_module et_d4_element et_pb_cta_0 et_pb_promo  et_pb_text_align_center et_pb_bg_layout_dark\">\n\t\t\t\t\n\t\t\t\t\n\t\t\t\t\n\t\t\t\t\n\t\t\t\t<div class=\"et_pb_promo_description\"><h2 class=\"et_pb_module_header\">Anmeldeschluss ist der 27.03.2026<\/h2><div><p class=\"p1\">in der Musikschule \u201eJohann Adam Hiller\u201c G\u00f6rlitz,<\/p>\n<p class=\"p1\">Fischmarkt 6, 02826 G\u00f6rlitz<\/p><\/div><\/div>\n\t\t\t\t<div class=\"et_pb_button_wrapper\"><a class=\"et_pb_button et_pb_promo_button\" href=\"https:\/\/musikschule-goerlitz.de\/pl\/kontakt\/\" data-icon=\"=\">Jetzt hier Anmelden<\/a><\/div>\n\t\t\t<\/div><div class=\"et_pb_with_border et_pb_module et_d4_element et_pb_blurb et_pb_blurb_0  et_pb_text_align_left  et_pb_blurb_position_top et_block_module et_pb_bg_layout_light\">\n\t\t\t\t\n\t\t\t\t\n\t\t\t\t\n\t\t\t\t\n\t\t\t\t<div class=\"et_pb_blurb_content\">\n\t\t\t\t\t\n\t\t\t\t\t<div class=\"et_pb_blurb_container\">\n\t\t\t\t\t\t<h1 class=\"et_pb_module_header\"><span>Das Projekt umfasst:<\/span><\/h1>\n\t\t\t\t\t\t<div class=\"et_pb_blurb_description\"><p class=\"p2\"><span class=\"s1\">- <\/span>eine Intensivwoche in den Osterferien<span class=\"s1\"> vom 07.04. - 11.04.26<\/span><\/p>\n<p class=\"p1\">- <span class=\"s2\">Nachmittagsproben <\/span>am 14.04.26 und 17.04.26<\/p>\n<p class=\"p1\"><span class=\"s2\">- <\/span>Samstagprobe mit Auff\u00fchrung am 18.04.26<\/p><\/div>\n\t\t\t\t\t<\/div>\n\t\t\t\t<\/div>\n\t\t\t<\/div>\n\t\t\t<\/div>\n\t\t\t\t\n\t\t\t\t\n\t\t\t\t\n\t\t\t\t\n\t\t\t<\/div><div class=\"et_d4_element et_pb_row et_pb_row_2 et_pb_section_parallax  et_pb_css_mix_blend_mode et_block_row\">\n\t\t\t\t<div class=\"et_d4_element et_pb_column_4_4 et_pb_column et_pb_column_2  et_pb_css_mix_blend_mode et-last-child et_block_column\">\n\t\t\t\t\n\t\t\t\t\n\t\t\t\t\n\t\t\t\t\n\t\t\t\t<div class=\"et_pb_button_module_wrapper et_pb_button_0_wrapper et_pb_button_alignment_center et_pb_module\">\n\t\t\t\t<a class=\"et_pb_button et_d4_element et_pb_button_0 et_pb_bg_layout_light et_block_module\" href=\"https:\/\/musikschule-goerlitz.de\/wp-content\/uploads\/2026\/03\/Elternbrief-_INTIME_-2026-2.pdf\">Alle Infos im Elternbrief<\/a>\n\t\t\t<\/div>\n\t\t\t<\/div>\n\t\t\t\t<span class=\"et_parallax_bg_wrap et-pb-parallax-wrapper\"><span\n\t\t\t\t\t\tclass=\"et_parallax_bg et_parallax_bg--et_pb_row_2\"\n\t\t\t\t\t\tstyle=\"background-image: url(https:\/\/musikschule-goerlitz.de\/wp-content\/uploads\/2026\/03\/back.png);\"\n\t\t\t\t\t><\/span><\/span>\n\t\t\t\t\n\t\t\t\t\n\t\t\t\t\n\t\t\t<\/div>\n\t\t\t\t\n\t\t\t\t\n\t\t\t<\/div>","protected":false},"excerpt":{"rendered":"","protected":false},"author":2,"featured_media":8691,"comment_status":"closed","ping_status":"closed","sticky":false,"template":"","format":"standard","meta":{"_monsterinsights_skip_tracking":false,"_monsterinsights_sitenote_active":false,"_monsterinsights_sitenote_note":"","_monsterinsights_sitenote_category":0,"_et_pb_use_builder":"on","_et_pb_old_content":"<p>\u00a0<\/p><p>Sehr geehrte Eltern,<br \/>in den Osterferien und in der darauf folgenden Woche besteht die M\u00f6glichkeit f\u00fcr Ihr\/e Kind\/er an einem Musik- und Tanztheaterprojekt teilzunehmen.<br \/>Das Tanztheaterst\u00fcck \u201eIN TIME\u201c l\u00e4dt die teilnehmenden Kinder und Jugendlichen ein, In Time zu sein, sich selbst und andere kennenzulernen, ihre Gef\u00fchle und Bed\u00fcrfnisse auszudr\u00fccken und den Moment zu genie\u00dfen ohne die Vergangenheit zu vergessen und die Zukunft positiv zu gestalten. Nicht IN TIME sein kann auch Stress ausl\u00f6sen, wenn ich zu sp\u00e4t bin oder das Gef\u00fchl habe, zu sp\u00e4t zu kommen. Musik und Tanz eigenen sich hervorragend IN TIME zu sein, um den Moment zu genie\u00dfen und sich gemeinsam mit anderen auszudr\u00fccken, um etwas Einzigartiges, dass es nur in diesem Moment gibt zu erscha\ufb00en. Am Ende gibt es eine \u00f6ffentliche Auff\u00fchrung. Das Projekt beinhaltet eine Zusammenarbeit mit den Fidelini, dem musikalischen Nachwuchs der Musikschule Johann-Adam-Hiller unter der Leitung von Karolina Najechalska.<\/p>","_et_gb_content_width":"","footnotes":""},"categories":[10],"tags":[],"class_list":["post-8684","post","type-post","status-publish","format-standard","has-post-thumbnail","hentry","category-aktuelles"],"_links":{"self":[{"href":"https:\/\/musikschule-goerlitz.de\/pl\/wp-json\/wp\/v2\/posts\/8684","targetHints":{"allow":["GET"]}}],"collection":[{"href":"https:\/\/musikschule-goerlitz.de\/pl\/wp-json\/wp\/v2\/posts"}],"about":[{"href":"https:\/\/musikschule-goerlitz.de\/pl\/wp-json\/wp\/v2\/types\/post"}],"author":[{"embeddable":true,"href":"https:\/\/musikschule-goerlitz.de\/pl\/wp-json\/wp\/v2\/users\/2"}],"replies":[{"embeddable":true,"href":"https:\/\/musikschule-goerlitz.de\/pl\/wp-json\/wp\/v2\/comments?post=8684"}],"version-history":[{"count":9,"href":"https:\/\/musikschule-goerlitz.de\/pl\/wp-json\/wp\/v2\/posts\/8684\/revisions"}],"predecessor-version":[{"id":8735,"href":"https:\/\/musikschule-goerlitz.de\/pl\/wp-json\/wp\/v2\/posts\/8684\/revisions\/8735"}],"wp:featuredmedia":[{"embeddable":true,"href":"https:\/\/musikschule-goerlitz.de\/pl\/wp-json\/wp\/v2\/media\/8691"}],"wp:attachment":[{"href":"https:\/\/musikschule-goerlitz.de\/pl\/wp-json\/wp\/v2\/media?parent=8684"}],"wp:term":[{"taxonomy":"category","embeddable":true,"href":"https:\/\/musikschule-goerlitz.de\/pl\/wp-json\/wp\/v2\/categories?post=8684"},{"taxonomy":"post_tag","embeddable":true,"href":"https:\/\/musikschule-goerlitz.de\/pl\/wp-json\/wp\/v2\/tags?post=8684"}],"curies":[{"name":"wp","href":"https:\/\/api.w.org\/{rel}","templated":true}]}}