{"id":6798,"date":"2024-04-25T06:53:39","date_gmt":"2024-04-25T06:53:39","guid":{"rendered":"https:\/\/musikschule-goerlitz.de\/?p=6798"},"modified":"2024-04-26T06:36:05","modified_gmt":"2024-04-26T06:36:05","slug":"der-nachtschwaermer-musical-von-thomas-stapel","status":"publish","type":"post","link":"https:\/\/musikschule-goerlitz.de\/pl\/der-nachtschwaermer-musical-von-thomas-stapel\/","title":{"rendered":"DER NACHTSCHW\u00c4RMER &#8211; Musical von Thomas Stapel"},"content":{"rendered":"<div class=\"et_d4_element et_pb_section et_pb_section_0  et_pb_css_mix_blend_mode et_section_regular et_block_section\" >\n\t\t\t\t\n\t\t\t\t\n\t\t\t\t\n\t\t\t\t\n\t\t\t\t\n\t\t\t\t\n\t\t\t\t<div class=\"et_d4_element et_pb_row et_pb_row_0  et_pb_css_mix_blend_mode et_block_row\">\n\t\t\t\t<div class=\"et_d4_element et_pb_column_4_4 et_pb_column et_pb_column_0  et_pb_css_mix_blend_mode et-last-child et_block_column\">\n\t\t\t\t\n\t\t\t\t\n\t\t\t\t\n\t\t\t\t\n\t\t\t\t<div class=\"et_pb_module et_d4_element et_pb_text et_pb_text_0  et_pb_text_align_left et_pb_bg_layout_light\">\n\t\t\t\t\n\t\t\t\t\n\t\t\t\t\n\t\t\t\t\n\t\t\t\t<div class=\"et_pb_text_inner\"><p>Die Geschichte des St\u00fcckes spielt im Schulmilieu. Julian \u2013 in der Abitur-Abschlussklasse - f\u00fchrt ein Au\u00dfenseiterdasein und lebt in seiner Phantasiewelt. Die wenig j\u00fcngere Mitsch\u00fclerin Anna lernt Julian kennen und gibt ihm das Gef\u00fchl, sich nicht an \u00c4u\u00dferlichkeiten zu sto\u00dfen. Der Klassenkamerad Julians, Machotyp Marco, gibt gerade seiner Freundin Gabriela den Laufpass und versucht in seiner coolen Art bei Anna zu landen.<\/p>\n<div class=\"templ_table redsize\">\n<div class=\"templ_tr\">\n<div class=\"templ_td\">\n<div class=\"ght_detail_block\">\n<div class=\"box_txt\">\n<p><span class=\"block\"><span class=\"block\"><br \/>Durch aufdringliche Neugier erh\u00e4lt Marco von der Freundschaft Annas zu Julian Kenntnis und versucht Julian durch Anspielungen und Indiskretionen glauben zu machen, dass Anna Marco liebe. Julian f\u00fchlt sich verraten, und es kommt zur Katastrophe...<\/span><\/span>Dramaturgisch steht das Rei\u00dferisch-Erfolgreiche \u2013 verk\u00f6rpert durch Marco und eing\u00e4ngige Rockmusik \u2013 dem Sinfonisch-Lyrisch-Melancholischen \u2013 alias Julian \u2013 gegen\u00fcber, m\u00fcndend in den Worten des Schlusschores: \u201eUnd er l\u00e4uft, und er l\u00e4uft immer hinterher ..., denn den Sieger erkennt man am Start\u201c.<\/p>\n<\/div>\n<\/div>\n<\/div>\n<\/div>\n<\/div><\/div>\n\t\t\t<\/div><div class=\"et_pb_module et_d4_element et_pb_divider et_pb_divider_0 et_pb_space\"><div class=\"et_pb_divider_internal\"><\/div><\/div><div class=\"et_pb_button_module_wrapper et_pb_button_0_wrapper  et_pb_module\">\n\t\t\t\t<a class=\"et_pb_button et_d4_element et_pb_button_0 et_pb_bg_layout_light et_block_module\" href=\"https:\/\/www.g-h-t.de\/de\/\">Alle Termine sind im Spielplan des GHT zu finden.<\/a>\n\t\t\t<\/div><div class=\"et_pb_module et_d4_element et_pb_divider et_pb_divider_1 et_pb_space\"><div class=\"et_pb_divider_internal\"><\/div><\/div><div class=\"et_pb_module et_d4_element et_pb_text et_pb_text_1  et_pb_text_align_left et_pb_bg_layout_light\">\n\t\t\t\t\n\t\t\t\t\n\t\t\t\t\n\t\t\t\t\n\t\t\t\t<div class=\"et_pb_text_inner\"><div class=\"templ_table redsize\">\n<div class=\"templ_tr\">\n<div class=\"templ_td\">\n<div>\n<p><u>Ausf\u00fchrende: <\/u><\/p>\n<p>Julian: Ferdinand B\u00fcchner<br \/>Marco: Abed Jiji<br \/>Anna: Margo Junique<br \/>Gabriela: Maja Szajrych | Maja Dahm<br \/>Annas Mutter: Bianka Senger<\/p>\n<\/div>\n<div>\u00a0<\/div>\n<div>Kammerchor des Augustum-Anne-Gymnasiums (Leitung: Anke-Elisabeth Bertram) Jugendsinfonieorchester \u201eGrenzenlos\u201c der Musikschule \u201eJohann Adam Hiller\u201c und der Kreismusikschule Dreil\u00e4ndereck (Leitung: Dalibor Tu\u017e).<\/div>\n<\/div>\n<\/div>\n<\/div><\/div>\n\t\t\t<\/div>\n\t\t\t<\/div>\n\t\t\t\t\n\t\t\t\t\n\t\t\t\t\n\t\t\t\t\n\t\t\t<\/div>\n\t\t\t\t\n\t\t\t\t\n\t\t\t<\/div>","protected":false},"excerpt":{"rendered":"","protected":false},"author":2,"featured_media":6775,"comment_status":"closed","ping_status":"closed","sticky":false,"template":"","format":"standard","meta":{"_monsterinsights_skip_tracking":false,"_monsterinsights_sitenote_active":false,"_monsterinsights_sitenote_note":"","_monsterinsights_sitenote_category":0,"_et_pb_use_builder":"on","_et_pb_old_content":"<p>Die Geschichte des St\u00fcckes spielt im Schulmilieu. Julian \u2013 in der Abitur-Abschlussklasse - f\u00fchrt ein Au\u00dfenseiterdasein und lebt in seiner Phantasiewelt. Die wenig j\u00fcngere Mitsch\u00fclerin Anna lernt Julian kennen und gibt ihm das Gef\u00fchl, sich nicht an \u00c4u\u00dferlichkeiten zu sto\u00dfen. Der Klassenkamerad Julians, Machotyp Marco, gibt gerade seiner Freundin Gabriela den Laufpass und versucht in seiner coolen Art bei Anna zu landen.<\/p><div class=\"templ_table redsize\"><div class=\"templ_tr\"><div class=\"templ_td\"><div class=\"ght_detail_block\"><div class=\"box_txt\"><span class=\"block\"><span class=\"block\"><br \/>Durch aufdringliche Neugier erh\u00e4lt Marco von der Freundschaft Annas zu Julian Kenntnis und versucht Julian durch Anspielungen und Indiskretionen glauben zu machen, dass Anna Marco liebe. Julian f\u00fchlt sich verraten, und es kommt zur Katastrophe...<\/span><\/span><p>Dramaturgisch steht das Rei\u00dferisch-Erfolgreiche \u2013 verk\u00f6rpert durch Marco und eing\u00e4ngige Rockmusik \u2013 dem Sinfonisch-Lyrisch-Melancholischen \u2013 alias Julian \u2013 gegen\u00fcber, m\u00fcndend in den Worten des Schlusschores: \u201eUnd er l\u00e4uft, und er l\u00e4uft immer hinterher ..., denn den Sieger erkennt man am Start\u201c.<\/p><p>Das Musical ist ein Pl\u00e4doyer f\u00fcr Phantasie und Toleranz.\u200e<\/p><\/div><\/div><\/div><div>\u00a0<\/div><div class=\"templ_td\"><div><p><u>Ausf\u00fchrende: <\/u><\/p><p>Julian: Ferdinand B\u00fcchner<br \/>Marco: Abed Jiji<br \/>Anna: Margo Junique<br \/>Gabriela: Maja Szajrych | Maja Dahm<br \/>Annas Mutter: Bianka Senger<\/p><\/div><div>\u00a0<\/div><div>Kammerchor des Augustum-Anne-Gymnasiums (Leitung: Anke-Elisabeth Bertram) Jugendsinfonieorchester \u201eGrenzenlos\u201c der Musikschule \u201eJohann Adam Hiller\u201c und der Kreismusikschule Dreil\u00e4ndereck (Leitung: Dalibor Tu\u017e).<\/div><\/div><\/div><\/div>","_et_gb_content_width":"","footnotes":""},"categories":[10],"tags":[],"class_list":["post-6798","post","type-post","status-publish","format-standard","has-post-thumbnail","hentry","category-aktuelles"],"_links":{"self":[{"href":"https:\/\/musikschule-goerlitz.de\/pl\/wp-json\/wp\/v2\/posts\/6798","targetHints":{"allow":["GET"]}}],"collection":[{"href":"https:\/\/musikschule-goerlitz.de\/pl\/wp-json\/wp\/v2\/posts"}],"about":[{"href":"https:\/\/musikschule-goerlitz.de\/pl\/wp-json\/wp\/v2\/types\/post"}],"author":[{"embeddable":true,"href":"https:\/\/musikschule-goerlitz.de\/pl\/wp-json\/wp\/v2\/users\/2"}],"replies":[{"embeddable":true,"href":"https:\/\/musikschule-goerlitz.de\/pl\/wp-json\/wp\/v2\/comments?post=6798"}],"version-history":[{"count":5,"href":"https:\/\/musikschule-goerlitz.de\/pl\/wp-json\/wp\/v2\/posts\/6798\/revisions"}],"predecessor-version":[{"id":6814,"href":"https:\/\/musikschule-goerlitz.de\/pl\/wp-json\/wp\/v2\/posts\/6798\/revisions\/6814"}],"wp:featuredmedia":[{"embeddable":true,"href":"https:\/\/musikschule-goerlitz.de\/pl\/wp-json\/wp\/v2\/media\/6775"}],"wp:attachment":[{"href":"https:\/\/musikschule-goerlitz.de\/pl\/wp-json\/wp\/v2\/media?parent=6798"}],"wp:term":[{"taxonomy":"category","embeddable":true,"href":"https:\/\/musikschule-goerlitz.de\/pl\/wp-json\/wp\/v2\/categories?post=6798"},{"taxonomy":"post_tag","embeddable":true,"href":"https:\/\/musikschule-goerlitz.de\/pl\/wp-json\/wp\/v2\/tags?post=6798"}],"curies":[{"name":"wp","href":"https:\/\/api.w.org\/{rel}","templated":true}]}}