{"id":4566,"date":"2022-08-09T06:05:55","date_gmt":"2022-08-09T06:05:55","guid":{"rendered":"https:\/\/musikschule-goerlitz.de\/?p=4566"},"modified":"2023-03-23T09:29:46","modified_gmt":"2023-03-23T09:29:46","slug":"oeffnungszeiten-des-bueros-waehrend-der-ferien-montag-bis-freitag-von-8-bis-14-uhr","status":"publish","type":"post","link":"https:\/\/musikschule-goerlitz.de\/pl\/oeffnungszeiten-des-bueros-waehrend-der-ferien-montag-bis-freitag-von-8-bis-14-uhr\/","title":{"rendered":"\u00d6ffnungszeiten des B\u00fcros w\u00e4hrend Ferienzeiten: Montag bis Freitag von 8 bis 14 Uhr"},"content":{"rendered":"","protected":false},"excerpt":{"rendered":"","protected":false},"author":3,"featured_media":0,"comment_status":"closed","ping_status":"closed","sticky":false,"template":"","format":"standard","meta":{"_monsterinsights_skip_tracking":false,"_monsterinsights_sitenote_active":false,"_monsterinsights_sitenote_note":"","_monsterinsights_sitenote_category":0,"footnotes":""},"categories":[1],"tags":[],"class_list":["post-4566","post","type-post","status-publish","format-standard","hentry","category-uncategorized"],"_links":{"self":[{"href":"https:\/\/musikschule-goerlitz.de\/pl\/wp-json\/wp\/v2\/posts\/4566","targetHints":{"allow":["GET"]}}],"collection":[{"href":"https:\/\/musikschule-goerlitz.de\/pl\/wp-json\/wp\/v2\/posts"}],"about":[{"href":"https:\/\/musikschule-goerlitz.de\/pl\/wp-json\/wp\/v2\/types\/post"}],"author":[{"embeddable":true,"href":"https:\/\/musikschule-goerlitz.de\/pl\/wp-json\/wp\/v2\/users\/3"}],"replies":[{"embeddable":true,"href":"https:\/\/musikschule-goerlitz.de\/pl\/wp-json\/wp\/v2\/comments?post=4566"}],"version-history":[{"count":2,"href":"https:\/\/musikschule-goerlitz.de\/pl\/wp-json\/wp\/v2\/posts\/4566\/revisions"}],"predecessor-version":[{"id":5243,"href":"https:\/\/musikschule-goerlitz.de\/pl\/wp-json\/wp\/v2\/posts\/4566\/revisions\/5243"}],"wp:attachment":[{"href":"https:\/\/musikschule-goerlitz.de\/pl\/wp-json\/wp\/v2\/media?parent=4566"}],"wp:term":[{"taxonomy":"category","embeddable":true,"href":"https:\/\/musikschule-goerlitz.de\/pl\/wp-json\/wp\/v2\/categories?post=4566"},{"taxonomy":"post_tag","embeddable":true,"href":"https:\/\/musikschule-goerlitz.de\/pl\/wp-json\/wp\/v2\/tags?post=4566"}],"curies":[{"name":"wp","href":"https:\/\/api.w.org\/{rel}","templated":true}]}}