{"id":8591,"global_id":"musikschule-goerlitz.de\/pl?id=8591","global_id_lineage":["musikschule-goerlitz.de\/pl?id=8591"],"author":"3","status":"publish","date":"2026-01-15 17:07:03","date_utc":"2026-01-15 15:07:03","modified":"2026-03-06 19:47:14","modified_utc":"2026-03-06 17:47:14","url":"https:\/\/musikschule-goerlitz.de\/pl\/event\/preistraegerkonzert-jugend-musiziert\/","rest_url":"https:\/\/musikschule-goerlitz.de\/pl\/wp-json\/tribe\/events\/v1\/events\/8591","title":"Preistr\u00e4gerkonzert &#8222;Jugend musiziert&#8220;","description":"","excerpt":"","slug":"preistraegerkonzert-jugend-musiziert","image":{"url":"https:\/\/musikschule-goerlitz.de\/wp-content\/uploads\/2026\/03\/Flyer_Jumu-Preistragerkonzert_7.3.2026-e1773916435251.png","id":8910,"extension":"png","width":943,"height":843,"filesize":308662,"sizes":{"medium":{"width":300,"height":268,"mime-type":"image\/png","filesize":57577,"url":"https:\/\/musikschule-goerlitz.de\/wp-content\/uploads\/2026\/03\/Flyer_Jumu-Preistragerkonzert_7.3.2026-e1773916435251-300x268.png"},"large":{"width":483,"height":1024,"mime-type":"image\/png","filesize":357366,"url":"https:\/\/musikschule-goerlitz.de\/wp-content\/uploads\/2026\/03\/Flyer_Jumu-Preistragerkonzert_7.3.2026-483x1024.png"},"thumbnail":{"width":150,"height":150,"mime-type":"image\/png","filesize":20015,"url":"https:\/\/musikschule-goerlitz.de\/wp-content\/uploads\/2026\/03\/Flyer_Jumu-Preistragerkonzert_7.3.2026-e1773916435251-150x150.png"},"medium_large":{"width":768,"height":687,"mime-type":"image\/png","filesize":267439,"url":"https:\/\/musikschule-goerlitz.de\/wp-content\/uploads\/2026\/03\/Flyer_Jumu-Preistragerkonzert_7.3.2026-e1773916435251-768x687.png"},"1536x1536":{"width":724,"height":1536,"mime-type":"image\/png","filesize":702843,"url":"https:\/\/musikschule-goerlitz.de\/wp-content\/uploads\/2026\/03\/Flyer_Jumu-Preistragerkonzert_7.3.2026-724x1536.png"},"trp-custom-language-flag":{"width":13,"height":12,"mime-type":"image\/png","filesize":665,"url":"https:\/\/musikschule-goerlitz.de\/wp-content\/uploads\/2026\/03\/Flyer_Jumu-Preistragerkonzert_7.3.2026-e1773916435251-13x12.png"},"et-pb-post-main-image":{"width":400,"height":250,"mime-type":"image\/png","filesize":59958,"url":"https:\/\/musikschule-goerlitz.de\/wp-content\/uploads\/2026\/03\/Flyer_Jumu-Preistragerkonzert_7.3.2026-e1773916435251-400x250.png"},"et-pb-post-main-image-fullwidth":{"width":943,"height":675,"mime-type":"image\/png","filesize":267710,"url":"https:\/\/musikschule-goerlitz.de\/wp-content\/uploads\/2026\/03\/Flyer_Jumu-Preistragerkonzert_7.3.2026-e1773916435251-943x675.png"},"et-pb-portfolio-image":{"width":400,"height":400,"mime-type":"image\/png","filesize":89978,"url":"https:\/\/musikschule-goerlitz.de\/wp-content\/uploads\/2026\/03\/Flyer_Jumu-Preistragerkonzert_7.3.2026-e1773916435251-400x400.png"},"et-pb-portfolio-module-image":{"width":400,"height":400,"mime-type":"image\/png","filesize":89978,"url":"https:\/\/musikschule-goerlitz.de\/wp-content\/uploads\/2026\/03\/Flyer_Jumu-Preistragerkonzert_7.3.2026-e1773916435251-400x400.png"},"et-pb-portfolio-image-single":{"width":400,"height":400,"mime-type":"image\/png","filesize":89978,"url":"https:\/\/musikschule-goerlitz.de\/wp-content\/uploads\/2026\/03\/Flyer_Jumu-Preistragerkonzert_7.3.2026-e1773916435251-400x400.png"},"et-pb-gallery-module-image-portrait":{"width":400,"height":516,"mime-type":"image\/png","filesize":91236,"url":"https:\/\/musikschule-goerlitz.de\/wp-content\/uploads\/2026\/03\/Flyer_Jumu-Preistragerkonzert_7.3.2026-e1773916435251-400x516.png"},"et-pb-post-main-image-fullwidth-large":{"width":943,"height":1800,"mime-type":"image\/png","filesize":927476,"url":"https:\/\/musikschule-goerlitz.de\/wp-content\/uploads\/2026\/03\/Flyer_Jumu-Preistragerkonzert_7.3.2026-943x1800.png"},"et-pb-image--responsive--phone":{"width":480,"height":270,"mime-type":"image\/png","filesize":70839,"url":"https:\/\/musikschule-goerlitz.de\/wp-content\/uploads\/2026\/03\/Flyer_Jumu-Preistragerkonzert_7.3.2026-e1773916435251-480x270.png"},"galerie-schule":{"width":150,"height":150,"mime-type":"image\/png","filesize":20015,"url":"https:\/\/musikschule-goerlitz.de\/wp-content\/uploads\/2026\/03\/Flyer_Jumu-Preistragerkonzert_7.3.2026-e1773916435251-150x150.png"},"et-pb-image--responsive--desktop":{"width":943,"height":720,"mime-type":"image\/png","filesize":296654,"url":"https:\/\/musikschule-goerlitz.de\/wp-content\/uploads\/2026\/03\/Flyer_Jumu-Preistragerkonzert_7.3.2026-e1773916435251-943x720.png"},"et-pb-image--responsive--tablet":{"width":943,"height":551,"mime-type":"image\/png","filesize":198416,"url":"https:\/\/musikschule-goerlitz.de\/wp-content\/uploads\/2026\/03\/Flyer_Jumu-Preistragerkonzert_7.3.2026-e1773916435251-943x551.png"}}},"all_day":false,"start_date":"2026-03-07 17:00:00","start_date_details":{"year":"2026","month":"03","day":"07","hour":"17","minutes":"00","seconds":"00"},"end_date":"2026-03-07 18:30:00","end_date_details":{"year":"2026","month":"03","day":"07","hour":"18","minutes":"30","seconds":"00"},"utc_start_date":"2026-03-07 15:00:00","utc_start_date_details":{"year":"2026","month":"03","day":"07","hour":"15","minutes":"00","seconds":"00"},"utc_end_date":"2026-03-07 16:30:00","utc_end_date_details":{"year":"2026","month":"03","day":"07","hour":"16","minutes":"30","seconds":"00"},"timezone":"UTC+2","timezone_abbr":"UTC+2","cost":"","cost_details":{"currency_symbol":"\u20ac","currency_code":"\u20ac","currency_position":"suffix","values":[]},"website":"","show_map":true,"show_map_link":true,"hide_from_listings":false,"sticky":false,"featured":false,"categories":[],"tags":[],"venue":{"id":2879,"author":"2","status":"publish","date":"2021-10-20 08:04:07","date_utc":"2021-10-20 08:04:07","modified":"2023-04-28 08:23:22","modified_utc":"2023-04-28 08:23:22","url":"https:\/\/musikschule-goerlitz.de\/pl\/miejsce\/efg-goerlitz-bismarckstrasse-15-02826-goerlitz-deutschland\/","venue":"Evang.-Freikirchl. Gemeinde G\u00f6rlitz (Baptisten)","slug":"efg-goerlitz-bismarckstrasse-15-02826-goerlitz-deutschland","address":"Bismarckstra\u00dfe 15","city":"G\u00f6rlitz","json_ld":{"@type":"Place","name":"Evang.-Freikirchl. Gemeinde G\u00f6rlitz (Baptisten)","description":"","url":"","address":{"@type":"PostalAddress","streetAddress":"Bismarckstra\u00dfe 15","addressLocality":"G\u00f6rlitz"},"telephone":"","sameAs":""},"show_map":false,"show_map_link":true,"global_id":"musikschule-goerlitz.de\/pl?id=2879","global_id_lineage":["musikschule-goerlitz.de\/pl?id=2879"]},"organizer":[],"custom_fields":[],"json_ld":{"@context":"http:\/\/schema.org","@type":"Event","name":"Preistr\u00e4gerkonzert &#8222;Jugend musiziert&#8220;","description":"","image":"https:\/\/musikschule-goerlitz.de\/wp-content\/uploads\/2026\/03\/Flyer_Jumu-Preistragerkonzert_7.3.2026-e1773916435251.png","url":"https:\/\/musikschule-goerlitz.de\/pl\/event\/preistraegerkonzert-jugend-musiziert\/","eventAttendanceMode":"https:\/\/schema.org\/OfflineEventAttendanceMode","eventStatus":"https:\/\/schema.org\/EventScheduled","startDate":"2026-03-07T17:00:00+02:00","endDate":"2026-03-07T18:30:00+02:00","location":{"@type":"Place","name":"Evang.-Freikirchl. Gemeinde G\u00f6rlitz (Baptisten)","description":"","url":"","address":{"@type":"PostalAddress","streetAddress":"Bismarckstra\u00dfe 15","addressLocality":"G\u00f6rlitz"},"telephone":"","sameAs":""},"performer":"Organization"}}